{"id":1207,"date":"2025-03-17T23:00:20","date_gmt":"2025-03-17T22:00:20","guid":{"rendered":"https:\/\/carloaudino.it\/?p=1207"},"modified":"2025-03-17T23:03:37","modified_gmt":"2025-03-17T22:03:37","slug":"odeur_du_cafe","status":"publish","type":"post","link":"https:\/\/carloaudino.it\/index.php\/2025\/03\/17\/odeur_du_cafe\/","title":{"rendered":"Odeur du caf\u00e9"},"content":{"rendered":"\n<p><strong><em>Sabrina Seaside<\/em><\/strong><\/p>\n\n\n\n<iframe src=\"https:\/\/www.youtube.com\/embed\/oR2osQahokU\" title=\"YouTube video player\" allow=\"accelerometer; autoplay; clipboard-write; encrypted-media; gyroscope; picture-in-picture\" allowfullscreen=\"\" width=\"300\" height=\"169\" frameborder=\"0\"><\/iframe>\n\n\n\n<div class=\"wp-block-buttons is-layout-flex wp-block-buttons-is-layout-flex\">\n<div class=\"wp-block-button\"><a class=\"wp-block-button__link wp-element-button\" href=\"https:\/\/open.spotify.com\/track\/6ihJtaJ1RqkRTcBWixs4I9\" target=\"_blank\" rel=\"noreferrer noopener\"><img decoding=\"async\" width=\"150\" height=\"48\" class=\"wp-image-368\" style=\"width: 150px;\" src=\"https:\/\/carloaudino.it\/wp-content\/uploads\/2021\/04\/spotify_627x200.png\" alt=\"\" srcset=\"https:\/\/carloaudino.it\/wp-content\/uploads\/2021\/04\/spotify_627x200.png 627w, https:\/\/carloaudino.it\/wp-content\/uploads\/2021\/04\/spotify_627x200-300x96.png 300w\" sizes=\"(max-width: 150px) 100vw, 150px\" \/><\/a><\/div>\n\n\n\n<div class=\"wp-block-button\"><a class=\"wp-block-button__link wp-element-button\" href=\"https:\/\/music.apple.com\/us\/album\/odeur-du-caf%C3%A9\/1692506481?i=1692506487\" target=\"_blank\" rel=\"noreferrer noopener\"><img decoding=\"async\" width=\"150\" height=\"43\" class=\"wp-image-376\" style=\"width: 150px;\" src=\"https:\/\/carloaudino.it\/wp-content\/uploads\/2021\/04\/itunesInv_690x200.png\" alt=\"\" srcset=\"https:\/\/carloaudino.it\/wp-content\/uploads\/2021\/04\/itunesInv_690x200.png 690w, https:\/\/carloaudino.it\/wp-content\/uploads\/2021\/04\/itunesInv_690x200-300x87.png 300w\" sizes=\"(max-width: 150px) 100vw, 150px\" \/><\/a><\/div>\n\n\n\n<div class=\"wp-block-button\"><a class=\"wp-block-button__link wp-element-button\" href=\"https:\/\/www.youtube.com\/watch?v=oR2osQahokU\" target=\"_blank\" rel=\"noreferrer noopener\"><img decoding=\"async\" width=\"150\" height=\"40\" class=\"wp-image-372\" style=\"width: 150px;\" src=\"https:\/\/carloaudino.it\/wp-content\/uploads\/2021\/04\/youtubeInv_744x200.png\" alt=\"\" srcset=\"https:\/\/carloaudino.it\/wp-content\/uploads\/2021\/04\/youtubeInv_744x200.png 744w, https:\/\/carloaudino.it\/wp-content\/uploads\/2021\/04\/youtubeInv_744x200-300x81.png 300w\" sizes=\"(max-width: 150px) 100vw, 150px\" \/><\/a><\/div>\n<\/div>\n\n\n\n<pre class=\"wp-block-verse has-medium-font-size\">La fra\u00eecheur du matin <br>caresse les portes <br>et les volets ferm\u00e9s <br>\u00c9claire les all\u00e9es <br>et r\u00e9veille les animaux <br>dans les cours et leurs tani\u00e8res<br>Le bruissement des mains <br>se fait entendre depuis la chambre<br>Le bruissement des mains <br>Puis la fen\u00eatre s'ouvre <br>Du noir <br>Sur le monde<br><br>Au bout de la rue, un homme crie : <br>\"Ne reviens jamais ici !\"<br>Une cloche sonne <br>et une voix soupire : <br>\"Amour, serre-moi un peu plus fort\"<br><br>Des draps \u00e0 s\u00e9cher, <br>des gens \u00e0 la fen\u00eatre <br>et des voix color\u00e9es<br>L\u2019odeur du caf\u00e9 monte des bars en dessous <br>Un gars sonne \u00e0 ma porte et s'enfuit en courant<br><br>No! S'il te pla\u00eet ne pars pas<br>Ne t\u2019\u00e9loigne pas de moi<br><br>No! S'il te pla\u00eet ne pars pas<br>Ne t\u2019\u00e9loigne pas de moi<br>Reste encore un peu avec moi<br><br>De quoi j'ai l'air ?<br>Jusqu'\u00e0 il y a deux ans, <br>J'avais un corps fort et puissant <br>comme le tien (maintenant)<br>Il se passe quelque chose<br>et je suis depuis dans mon fauteuil roulant<br>Mon monde a les couleurs de ce quartier fantastique       <br>Mon monde color\u00e9 fantastique est derri\u00e8re cette fen\u00eatre<br><br>Mme Sofia secoue une nappe doucement<br>et il pleut des miettes pour les oiseaux qui chantent<br>Un filet d\u2019eau sur les pav\u00e9s bouillante <br>\u201cMon amour, ne le fais plus jamais\u201c<br><br>Des draps \u00e0 s\u00e9cher, <br>des gens \u00e0 la fen\u00eatre <br>et des lumi\u00e8res color\u00e9es <br>L\u2019odeur du caf\u00e9 monte des bars en dessous <br>Un gars sonne \u00e0 ma porte et s'enfuit en courant<br><br>No! S'il te pla\u00eet ne pars pas<br>Ne t\u2019\u00e9loigne pas de moi<br>No! S'il te pla\u00eet ne pars pas<br>Ne t\u2019\u00e9loigne pas de moi<br>\t\t<br>Des draps \u00e0 s\u00e9cher \t\t\t\t[No! S'il te pla\u00eet ne pars pas]<br>des gens \u00e0 la fen\u00eatre\t\t\t\t[Ne t\u2019\u00e9loigne pas de moi] <br>et des lumi\u00e8res color\u00e9es<br>L\u2019odeur du caf\u00e9 monte des bars en dessous \t[No! S'il te pla\u00eet ne pars pas]<br>caresse et stimule cette vie merveilleuse\t[Ne t\u2019\u00e9loigne pas de moi]<br><br>Des draps \u00e0 s\u00e9cher \t\t\t\t[No! S'il te pla\u00eet ne pars pas]<br>des gens \u00e0 la fen\u00eatre\t\t\t\t[Ne t\u2019\u00e9loigne pas de moi] <br>et des lumi\u00e8res color\u00e9es<br>L\u2019odeur du caf\u00e9 monte des bars en dessous \t[No! S'il te pla\u00eet ne pars pas]<br>caresse et stimule cette vie merveilleuse\t[Ne t\u2019\u00e9loigne pas de moi]<\/pre>\n\n\n\n<div class=\"wp-block-buttons is-layout-flex wp-block-buttons-is-layout-flex\">\n<div class=\"wp-block-button\"><a class=\"wp-block-button__link wp-element-button\" href=\"https:\/\/open.spotify.com\/track\/6U3qP1CoGNxXuGTYeFp7YY\" target=\"_blank\" rel=\"noreferrer noopener\"><img decoding=\"async\" width=\"150\" height=\"48\" class=\"wp-image-368\" style=\"width: 150px;\" src=\"https:\/\/carloaudino.it\/wp-content\/uploads\/2021\/04\/spotify_627x200.png\" alt=\"\" srcset=\"https:\/\/carloaudino.it\/wp-content\/uploads\/2021\/04\/spotify_627x200.png 627w, https:\/\/carloaudino.it\/wp-content\/uploads\/2021\/04\/spotify_627x200-300x96.png 300w\" sizes=\"(max-width: 150px) 100vw, 150px\" \/><\/a><\/div>\n\n\n\n<div class=\"wp-block-button\"><a class=\"wp-block-button__link wp-element-button\" href=\"https:\/\/deezer.page.link\/aMSc28iaEJzadUmP7\" target=\"_blank\" rel=\"noreferrer noopener\"><img loading=\"lazy\" decoding=\"async\" width=\"150\" height=\"39\" class=\"wp-image-363\" style=\"width: 150px;\" src=\"https:\/\/carloaudino.it\/wp-content\/uploads\/2021\/04\/deezer_760x200.png\" alt=\"\" srcset=\"https:\/\/carloaudino.it\/wp-content\/uploads\/2021\/04\/deezer_760x200.png 760w, https:\/\/carloaudino.it\/wp-content\/uploads\/2021\/04\/deezer_760x200-300x79.png 300w, https:\/\/carloaudino.it\/wp-content\/uploads\/2021\/04\/deezer_760x200-750x200.png 750w\" sizes=\"(max-width: 150px) 100vw, 150px\" \/><\/a><\/div>\n\n\n\n<div class=\"wp-block-button\"><a class=\"wp-block-button__link wp-element-button\" href=\"https:\/\/music.apple.com\/us\/album\/odeur-du-caf%C3%A9\/1692506481?i=1692506487\" target=\"_blank\" rel=\"noreferrer noopener\"><img decoding=\"async\" width=\"150\" height=\"43\" class=\"wp-image-376\" style=\"width: 150px;\" src=\"https:\/\/carloaudino.it\/wp-content\/uploads\/2021\/04\/itunesInv_690x200.png\" alt=\"\" srcset=\"https:\/\/carloaudino.it\/wp-content\/uploads\/2021\/04\/itunesInv_690x200.png 690w, https:\/\/carloaudino.it\/wp-content\/uploads\/2021\/04\/itunesInv_690x200-300x87.png 300w\" sizes=\"(max-width: 150px) 100vw, 150px\" \/><\/a><\/div>\n\n\n\n<div class=\"wp-block-button\"><a class=\"wp-block-button__link wp-element-button\" href=\"https:\/\/music.amazon.it\/albums\/B0C7XC5TBB?marketplaceId=APJ6JRA9NG5V4&amp;musicTerritory=IT&amp;ref=dm_sh_YKWp74dzrNI0IvQMW5iPun3vG&amp;trackAsin=B0C7XPHQ9J\" target=\"_blank\" rel=\"noreferrer noopener\"><img loading=\"lazy\" decoding=\"async\" width=\"150\" height=\"43\" class=\"wp-image-379\" style=\"width: 150px;\" src=\"https:\/\/carloaudino.it\/wp-content\/uploads\/2021\/04\/amazonMusicInv_702x200.png\" alt=\"\" srcset=\"https:\/\/carloaudino.it\/wp-content\/uploads\/2021\/04\/amazonMusicInv_702x200.png 702w, https:\/\/carloaudino.it\/wp-content\/uploads\/2021\/04\/amazonMusicInv_702x200-300x85.png 300w\" sizes=\"(max-width: 150px) 100vw, 150px\" \/><\/a><\/div>\n\n\n\n<div class=\"wp-block-button\"><a class=\"wp-block-button__link wp-element-button\" href=\"https:\/\/youtu.be\/oR2osQahokU\" target=\"_blank\" rel=\"noreferrer noopener\"><img decoding=\"async\" width=\"150\" height=\"40\" class=\"wp-image-372\" style=\"width: 150px;\" src=\"https:\/\/carloaudino.it\/wp-content\/uploads\/2021\/04\/youtubeInv_744x200.png\" alt=\"\" srcset=\"https:\/\/carloaudino.it\/wp-content\/uploads\/2021\/04\/youtubeInv_744x200.png 744w, https:\/\/carloaudino.it\/wp-content\/uploads\/2021\/04\/youtubeInv_744x200-300x81.png 300w\" sizes=\"(max-width: 150px) 100vw, 150px\" \/><\/a><\/div>\n<\/div>\n\n\n\n<blockquote class=\"wp-block-quote is-style-large is-layout-flow wp-block-quote-is-layout-flow\">\n<p><\/p>\n<\/blockquote>\n\n\n\n<figure class=\"wp-block-pullquote is-style-default\"><blockquote><p><br><strong>Carlo Audino<\/strong> : guitares<br><strong>Stefano Profeta<\/strong> : claviers<br><strong>Pippo Matino<\/strong> : basse<br>Enregistr\u00e9e au <strong>Teddy STUDIO<\/strong> et <strong>Studio Lead<\/strong><br>En radio <strong>08 Luglio 2023<\/strong><br>Arrangements: <strong>Carlo Audino <\/strong><br>Auteur de la chanson: <strong>Carlo Audino<\/strong><br><\/p><\/blockquote><\/figure>\n\n\n\n<p>L&#8217;\u201dOdeur du caf\u00e9\u201d qui touche et r\u00e9veille la vie : la nouvelle chanson de Sabrina Seaside<\/p>\n\n\n\n<p>La vie peut nous changer en un instant et les situations nous submergent sans avertissement. Le protagoniste de la chanson est une fille forc\u00e9e, mais non r\u00e9duite, \u00e0 un fauteuil roulant en raison d\u2019un \u00e9v\u00e9nement grave et impr\u00e9vu qui a chang\u00e9 ses habitudes. Chaque matin, comme toujours, elle ouvre grande la fen\u00eatre et est imm\u00e9diatement envelopp\u00e9e par les couleurs et les bruits de la rue qui, depuis sa chaise, r\u00e9v\u00e8lent un point de vue inattendu, nouveau et p\u00e9tillant.<br>L\u2019ar\u00f4me du caf\u00e9 fra\u00eechement torr\u00e9fi\u00e9 envahit sa maison, l\u2019enveloppe et s\u00e9duit ses sens, conqu\u00e9rant profond\u00e9ment son \u00e2me.<\/p>\n\n\n\n<p>La chanson, enregistr\u00e9e au Teddy Studio \u00e0 Lariano (Rome) et au Studio Lead \u00e0 Spinaceto (Rome) a \u00e9t\u00e9 interpr\u00e9t\u00e9e par : <strong>Pippo Matino<\/strong> (basse), <strong>Stefano Profeta<\/strong> (claviers) et enfin <strong>Carlo Audino<\/strong> (auteur de la chanson, guitares et arrangements). Les graphismes de couverture sont de <strong>Carlo Audino<\/strong>. Tout le reste, comme toujours, est de Sabrina Seaside.<\/p>\n","protected":false},"excerpt":{"rendered":"<p>Sabrina Seaside La fra\u00eecheur du matin caresse les portes et les volets ferm\u00e9s \u00c9claire les all\u00e9es et r\u00e9veille&#8230;<\/p>\n","protected":false},"author":1,"featured_media":0,"comment_status":"closed","ping_status":"","sticky":false,"template":"","format":"standard","meta":{"footnotes":""},"categories":[21],"tags":[],"class_list":["post-1207","post","type-post","status-publish","format-standard","hentry","category-songs-ii"],"_links":{"self":[{"href":"https:\/\/carloaudino.it\/index.php\/wp-json\/wp\/v2\/posts\/1207","targetHints":{"allow":["GET"]}}],"collection":[{"href":"https:\/\/carloaudino.it\/index.php\/wp-json\/wp\/v2\/posts"}],"about":[{"href":"https:\/\/carloaudino.it\/index.php\/wp-json\/wp\/v2\/types\/post"}],"author":[{"embeddable":true,"href":"https:\/\/carloaudino.it\/index.php\/wp-json\/wp\/v2\/users\/1"}],"replies":[{"embeddable":true,"href":"https:\/\/carloaudino.it\/index.php\/wp-json\/wp\/v2\/comments?post=1207"}],"version-history":[{"count":1,"href":"https:\/\/carloaudino.it\/index.php\/wp-json\/wp\/v2\/posts\/1207\/revisions"}],"predecessor-version":[{"id":1208,"href":"https:\/\/carloaudino.it\/index.php\/wp-json\/wp\/v2\/posts\/1207\/revisions\/1208"}],"wp:attachment":[{"href":"https:\/\/carloaudino.it\/index.php\/wp-json\/wp\/v2\/media?parent=1207"}],"wp:term":[{"taxonomy":"category","embeddable":true,"href":"https:\/\/carloaudino.it\/index.php\/wp-json\/wp\/v2\/categories?post=1207"},{"taxonomy":"post_tag","embeddable":true,"href":"https:\/\/carloaudino.it\/index.php\/wp-json\/wp\/v2\/tags?post=1207"}],"curies":[{"name":"wp","href":"https:\/\/api.w.org\/{rel}","templated":true}]}}